[{"@context":"https:\/\/schema.org\/","@type":"Article","@id":"https:\/\/www.evus.cz\/pamatujete-si-kam-mate-volat\/#Article","mainEntityOfPage":"https:\/\/www.evus.cz\/pamatujete-si-kam-mate-volat\/","headline":"Pamatujete si, kam m\u00e1te volat?","name":"Pamatujete si, kam m\u00e1te volat?","description":"I kdy\u017e jste hovo\u0159ili spolu ned\u00e1vno, telefon si ji\u017e nepamatujete? Zkou\u0161\u00edte to, ale dovolali jste se \u00fapln\u011b jinam, ne\u017e jste cht\u011bli? Od jednoduch\u00e9ho zapamatov\u00e1n\u00ed jsou zlat\u00e1 \u010d\u00edsla. D\u00edky nim se nem\u016f\u017ee st\u00e1t, \u017ee si z\u00edtra nebudete pamatovat, co bylo v\u010dera. Budete je m\u00edt po\u0159\u00e1d v \u017eiv\u00e9 pam\u011bti, proto\u017ee jsou natolik zaj\u00edmav\u00e9, \u017ee nejdou zapomenout, ani [&hellip;]","datePublished":"2025-01-22","dateModified":"2025-01-22","author":{"@type":"Person","@id":"https:\/\/www.evus.cz\/author\/#Person","name":"evus.cz\n","url":"https:\/\/www.evus.cz\/author\/","identifier":1,"image":{"@type":"ImageObject","@id":"https:\/\/secure.gravatar.com\/avatar\/087c2e57f451bc02fa8017914855d7c40cf6c7d5dc1637b868e007adc26322d1?s=96&d=mm&r=g","url":"https:\/\/secure.gravatar.com\/avatar\/087c2e57f451bc02fa8017914855d7c40cf6c7d5dc1637b868e007adc26322d1?s=96&d=mm&r=g","height":96,"width":96}},"publisher":{"@type":"Organization","name":"evus.cz","logo":{"@type":"ImageObject","@id":"\/logo.png","url":"\/logo.png","width":600,"height":60}},"url":"https:\/\/www.evus.cz\/pamatujete-si-kam-mate-volat\/","wordCount":158,"articleBody":"I kdy\u017e jste hovo\u0159ili spolu ned\u00e1vno, telefon si ji\u017e nepamatujete? Zkou\u0161\u00edte to, ale dovolali jste se \u00fapln\u011b jinam, ne\u017e jste cht\u011bli? Od jednoduch\u00e9ho zapamatov\u00e1n\u00ed jsou zlat\u00e1 \u010d\u00edsla. D\u00edky nim se nem\u016f\u017ee st\u00e1t, \u017ee si z\u00edtra nebudete pamatovat, co bylo v\u010dera. Budete je m\u00edt po\u0159\u00e1d v \u017eiv\u00e9 pam\u011bti, proto\u017ee jsou natolik zaj\u00edmav\u00e9, \u017ee nejdou zapomenout, ani kdybyste cht\u011bli. Zjednodu\u0161te si komunikaci Kdy\u017e si nestihnete ulo\u017eit telefon doty\u010dn\u00e9 osoby nebo firmy, zlat\u00e1 \u010d\u00edsla umo\u017en\u00ed, \u017ee si je zapamatujete, a o nic nep\u0159ijdete. Pro va\u0161e z\u00e1kazn\u00edky, rodinu a p\u0159\u00e1tele je to nejlep\u0161\u00ed forma, jak zefektivnit komunikaci p\u0159es mobil. Kdy\u017e dojde ke ztr\u00e1t\u011b kontakt\u016f z telefonu, \u010di adres\u00e1\u0159e, va\u0161e si bude ka\u017ed\u00fd pamatovat i bez dal\u0161\u00edho zapisov\u00e1n\u00ed a ukl\u00e1d\u00e1n\u00ed. Co je v hlav\u011b, nikdy nezmiz\u00ed.                                                                                                                                                                                                                                                                                                                                                                                        5\/5 - (4 votes)        "},{"@context":"https:\/\/schema.org\/","@type":"BreadcrumbList","itemListElement":[{"@type":"ListItem","position":1,"name":"Pamatujete si, kam m\u00e1te volat?","item":"https:\/\/www.evus.cz\/pamatujete-si-kam-mate-volat\/#breadcrumbitem"}]}]