[{"@context":"https:\/\/schema.org\/","@type":"Article","@id":"https:\/\/www.evus.cz\/nepodcenujte-vybavu-vaseho-jizdniho-kola\/#Article","mainEntityOfPage":"https:\/\/www.evus.cz\/nepodcenujte-vybavu-vaseho-jizdniho-kola\/","headline":"Nepodce\u0148ujte v\u00fdbavu Va\u0161eho j\u00edzdn\u00edho kola","name":"Nepodce\u0148ujte v\u00fdbavu Va\u0161eho j\u00edzdn\u00edho kola","description":"Hned jak se trochu otepl\u00ed, spoustu lid\u00ed vyt\u00e1hne sv\u00e9 kolo a vyraz\u00ed na po\u0159\u00e1dn\u00fd cyklo v\u00fdlet. \u010casto se v\u0161ak bohu\u017eel st\u00e1v\u00e1, \u017ee si lid\u00e9 nep\u0159ekontroluj\u00ed svou v\u00fdbavu na kolo, a to jim v\u00a0budoucnu p\u0159in\u00e1\u0161\u00ed spoustu probl\u00e9m\u016f. Pokud chcete b\u00fdt v\u00a0bezpe\u010d\u00ed jak Vy, tak ostatn\u00ed \u00fa\u010dastn\u00edci silni\u010dn\u00edho provozu, nem\u011bli byste povinnou v\u00fdbavu podce\u0148ovat. I ta nepovinn\u00e1, [&hellip;]","datePublished":"2017-05-30","dateModified":"2023-05-05","author":{"@type":"Person","@id":"https:\/\/www.evus.cz\/author\/#Person","name":"evus.cz\n","url":"https:\/\/www.evus.cz\/author\/","identifier":1,"image":{"@type":"ImageObject","@id":"https:\/\/secure.gravatar.com\/avatar\/087c2e57f451bc02fa8017914855d7c40cf6c7d5dc1637b868e007adc26322d1?s=96&d=mm&r=g","url":"https:\/\/secure.gravatar.com\/avatar\/087c2e57f451bc02fa8017914855d7c40cf6c7d5dc1637b868e007adc26322d1?s=96&d=mm&r=g","height":96,"width":96}},"publisher":{"@type":"Organization","name":"evus.cz","logo":{"@type":"ImageObject","@id":"\/logo.png","url":"\/logo.png","width":600,"height":60}},"image":{"@type":"ImageObject","@id":"https:\/\/evus.cz\/wp-content\/uploads\/img_a316855_w2339_t1527705954.jpg","url":"https:\/\/evus.cz\/wp-content\/uploads\/img_a316855_w2339_t1527705954.jpg","height":"","width":""},"url":"https:\/\/www.evus.cz\/nepodcenujte-vybavu-vaseho-jizdniho-kola\/","about":["Neza\u0159azen\u00e9"],"wordCount":444,"articleBody":"Hned jak se trochu otepl\u00ed, spoustu lid\u00ed vyt\u00e1hne sv\u00e9 kolo a vyraz\u00ed na po\u0159\u00e1dn\u00fd cyklo v\u00fdlet. \u010casto se v\u0161ak bohu\u017eel st\u00e1v\u00e1, \u017ee si lid\u00e9 nep\u0159ekontroluj\u00ed svou v\u00fdbavu na kolo, a to jim v\u00a0budoucnu p\u0159in\u00e1\u0161\u00ed spoustu probl\u00e9m\u016f. Pokud chcete b\u00fdt v\u00a0bezpe\u010d\u00ed jak Vy, tak ostatn\u00ed \u00fa\u010dastn\u00edci silni\u010dn\u00edho provozu, nem\u011bli byste povinnou v\u00fdbavu podce\u0148ovat. I ta nepovinn\u00e1, jako je helma, V\u00e1m m\u016f\u017ee zachr\u00e1nit \u017eivot.Brzdy a zaslepen\u00ed \u0159\u00edd\u00edtekNejd\u016fle\u017eit\u011bj\u0161\u00edm vybaven\u00edm jsou ur\u010dit\u011b spr\u00e1vn\u011b nastaven\u00e9 brzdy jak zadn\u00ed, tak p\u0159edn\u00ed, kter\u00e9 na kole pou\u017e\u00edv\u00e1te prakticky neust\u00e1le. Pro Va\u0161i bezpe\u010dnost jsou d\u016fle\u017eit\u00e9 i zaslepen\u00e1 \u0159\u00edd\u00edtka, kter\u00e9 V\u00e1s v\u00a0p\u0159\u00edpad\u011b p\u00e1du nemohou ohrozit. V\u0161echny \u0161rouby a matice mus\u00ed b\u00fdt dostate\u010dn\u011b uta\u017een\u00e9, proto je dobr\u00e9 si p\u0159ed j\u00edzdn\u00ed sez\u00f3nou d\u00e1t j\u00edzdn\u00ed kolo zkontrolovat do servisu.OdrazkyZadn\u00ed odrazka by m\u011bla m\u00edt \u010dervenou barvu a p\u0159edn\u00ed b\u00edlou. Ob\u011b mus\u00ed b\u00fdt dostate\u010dn\u011b velk\u00e9, aby je jin\u00fd \u0159idi\u010d nemohl p\u0159ehl\u00e9dnout. Tak\u00e9 mus\u00ed b\u00fdt um\u00edst\u011bny v\u00a0p\u0159edepsan\u00e9 v\u00fd\u0161ce. Velmi d\u016fle\u017eit\u00e9 jsou oran\u017eov\u00e9 odrazky um\u00edst\u011bn\u00e9 na ped\u00e1lech a na paprsc\u00edch kol, kter\u00e9 upozor\u0148uj\u00ed ostatn\u00ed \u0159idi\u010de na p\u0159\u00edtomnost cyklisty ve tm\u011b.Sv\u011btlomet nebo sv\u00edtilnaPokud pro V\u00e1s tma nebo \u0161patn\u00e9 po\u010das\u00ed nen\u00ed \u017e\u00e1dn\u00e1 p\u0159ek\u00e1\u017eka a Vy i tak vyr\u00e1\u017e\u00edte na kolo, ur\u010dit\u011b si nezapome\u0148te po\u0159\u00eddit vhodn\u00fd sv\u011btlomet nebo alespo\u0148 b\u00edl\u00e9 sv\u011btlo, kter\u00e9 sv\u00edt\u00ed p\u0159eru\u0161ovan\u011b. Z\u00e1kladem je ho dob\u0159e p\u0159ipevnit, a hlavn\u011b nasm\u011brovat tak, aby \u0159idi\u010de neosl\u0148oval.Co kdy\u017e vyr\u00e1\u017e\u00edme na kole za hranice?Jestli se chyst\u00e1te na dovolenou k\u00a0n\u011bkter\u00fdm na\u0161im soused\u016fm nebo je\u0161t\u011b d\u00e1l, ur\u010dit\u011b nezapome\u0148te, \u017ee zde plat\u00ed trochu jin\u00e1 pravidla. Do v\u00fdbavy si ur\u010dit\u011b po\u0159i\u010fte je\u0161t\u011b helmu, kter\u00e1 je ve v\u011bt\u0161in\u011b zem\u00ed povinn\u00e1. Mo\u017en\u00e1 V\u00e1s p\u0159ekvap\u00ed, \u017ee dal\u0161\u00ed povinnost\u00ed je m\u00edt i zvonek, kter\u00fd ocen\u00edte hlavn\u011b p\u0159i p\u0159edj\u00ed\u017ed\u011bn\u00ed na cyklostezk\u00e1ch. Pokud pl\u00e1nujete j\u00edzdu za tmy, nezapome\u0148te si p\u0159ibalit i speci\u00e1ln\u00ed oble\u010den\u00ed s\u00a0reflexn\u00edmi prvky nebo jednodu\u0161e reflexn\u00ed vestu. Pokud povezete mal\u00e9 d\u00edt\u011b na d\u011btsk\u00e9 seda\u010dce, opat\u0159ete sv\u00e9 kolo vhodn\u00fdmi blatn\u00edky, kter\u00e9 jsou tak\u00e9 povinn\u00e9.                                                                                                                                                                                                                                                                                                                                                                                        3.9\/5 - (8 votes)        "},{"@context":"https:\/\/schema.org\/","@type":"BreadcrumbList","itemListElement":[{"@type":"ListItem","position":1,"name":"Nepodce\u0148ujte v\u00fdbavu Va\u0161eho j\u00edzdn\u00edho kola","item":"https:\/\/www.evus.cz\/nepodcenujte-vybavu-vaseho-jizdniho-kola\/#breadcrumbitem"}]}]