[{"@context":"https:\/\/schema.org\/","@type":"Article","@id":"https:\/\/www.evus.cz\/mame-na-zahrade-polykarbonatovy-sklenik\/#Article","mainEntityOfPage":"https:\/\/www.evus.cz\/mame-na-zahrade-polykarbonatovy-sklenik\/","headline":"M\u00e1me na zahrad\u011b polykarbon\u00e1tov\u00fd sklen\u00edk","name":"M\u00e1me na zahrad\u011b polykarbon\u00e1tov\u00fd sklen\u00edk","description":"Byli jste se n\u011bkdy pod\u00edvat na z\u00e1mku Lednice? V jeho t\u011bsn\u00e9m sousedstv\u00ed spat\u0159\u00edte ob\u0159\u00ed sklen\u00edk, kter\u00fd poch\u00e1z\u00ed z roku 1842 a nach\u00e1z\u00ed se v m\u00edst\u011b b\u00fdval\u00e9 oran\u017e\u00e9rie z po\u010d\u00e1tku 18. stolet\u00ed. Jestli\u017ee jste z\u00e1mek Lednice nikdy nenav\u0161t\u00edvili, v\u0159ele doporu\u010dujeme nahl\u00e9dnout jak do jeho interi\u00e9ru, tak i do sklen\u00edku, kde roste mnoho druh\u016f exotick\u00fdch d\u0159evin. Po [&hellip;]","datePublished":"2024-05-07","dateModified":"2024-05-07","author":{"@type":"Person","@id":"https:\/\/www.evus.cz\/author\/#Person","name":"evus.cz\n","url":"https:\/\/www.evus.cz\/author\/","identifier":1,"image":{"@type":"ImageObject","@id":"https:\/\/secure.gravatar.com\/avatar\/087c2e57f451bc02fa8017914855d7c40cf6c7d5dc1637b868e007adc26322d1?s=96&d=mm&r=g","url":"https:\/\/secure.gravatar.com\/avatar\/087c2e57f451bc02fa8017914855d7c40cf6c7d5dc1637b868e007adc26322d1?s=96&d=mm&r=g","height":96,"width":96}},"publisher":{"@type":"Organization","name":"evus.cz","logo":{"@type":"ImageObject","@id":"\/logo.png","url":"\/logo.png","width":600,"height":60}},"image":{"@type":"ImageObject","@id":"https:\/\/www.evus.cz\/wp-content\/uploads\/polykarbon%C3%A1tov%C3%BD%20sklen%C3%ADk.jpg","url":"https:\/\/www.evus.cz\/wp-content\/uploads\/polykarbon%C3%A1tov%C3%BD%20sklen%C3%ADk.jpg","height":0,"width":0},"url":"https:\/\/www.evus.cz\/mame-na-zahrade-polykarbonatovy-sklenik\/","about":["Slu\u017eby"],"wordCount":408,"articleBody":"   Byli jste se n\u011bkdy pod\u00edvat na z\u00e1mku Lednice? V jeho t\u011bsn\u00e9m sousedstv\u00ed spat\u0159\u00edte ob\u0159\u00ed sklen\u00edk, kter\u00fd poch\u00e1z\u00ed z roku 1842 a nach\u00e1z\u00ed se v m\u00edst\u011b b\u00fdval\u00e9 oran\u017e\u00e9rie z po\u010d\u00e1tku 18. stolet\u00ed. Jestli\u017ee jste z\u00e1mek Lednice nikdy nenav\u0161t\u00edvili, v\u0159ele doporu\u010dujeme nahl\u00e9dnout jak do jeho interi\u00e9ru, tak i do sklen\u00edku, kde roste mnoho druh\u016f exotick\u00fdch d\u0159evin. Po n\u011bkolika hodin\u00e1ch str\u00e1ven\u00fdch v z\u00e1meck\u00e9 zahrad\u011b a ve sklen\u00edku mo\u017en\u00e1 zatou\u017e\u00edte m\u00edt n\u011bco podobn\u00e9ho doma na vlastn\u00ed zahrad\u011b. Samoz\u0159ejm\u011b si nebudete po\u0159izovat to, co se nach\u00e1z\u00ed u lednick\u00e9ho z\u00e1mku, tedy stavbu z ocelov\u00e9 konstrukce o d\u00e9lce 92 metr\u016f a v\u00fd\u0161ce bezm\u00e1la 8 metr\u016f, vysta\u010d\u00edte s n\u011b\u010d\u00edm men\u0161\u00edm, nap\u0159\u00edklad s polykarbon\u00e1tov\u00fdm sklen\u00edkem 3 x 4 m. A i kdy\u017e jsou sklen\u00edky typick\u00fdmi stavbami pro p\u011bstov\u00e1n\u00ed zeleniny, zejm\u00e9na raj\u010dat, okurek a paprik, vy si do sklen\u00edku m\u016f\u017eete um\u00edstit jak\u00e9koli pokojov\u00e9 rostliny, kter\u00fdm vyhovuje tepl\u00e9 a vlhk\u00e9 klima s dostatkem sv\u011btla. Mohou to b\u00fdt kup\u0159\u00edkladu slezin\u00edky \u2013 pta\u010d\u00ed hn\u00edzdo, kter\u00e9 se bez tepla, vy\u0161\u0161\u00ed vlhkosti a dostatku sv\u011btla neobejdou, ve sklen\u00edku se bude dob\u0159e da\u0159it hn\u011bdovk\u00e1m nebo ledvin\u00edku a dal\u0161\u00edm kapradin\u00e1m. Inspirovat se m\u016f\u017eete i sklen\u00edkem v Lednici anebo rostlinami v botanick\u00fdch zahrad\u00e1ch a p\u011bstovat tu t\u0159eba i subtropick\u00e9 citrusy, nap\u0159\u00edklad pomeran\u010dovn\u00edk, kaktusy, fuchsie nebo oleandr. N\u011bkte\u0159\u00ed lid\u00e9 maj\u00ed ve sklen\u00edku zvl\u00e1\u0161tn\u00ed odd\u00edl, kde p\u011bstuj\u00ed bylinky. Mnoh\u00fdm z nich se tu bude da\u0159it po cel\u00fd rok, i v zim\u011b, kup\u0159\u00edkladu tam m\u016f\u017eete m\u00edt tymi\u00e1n nebo bazalku, a tak\u00e9 pom\u011brn\u011b citliv\u00fd rozmar\u00fdn. Zahradn\u00ed sklen\u00edky jsou pomocn\u00edci, kter\u00e9 ocen\u00edte v r\u016fzn\u00fdch typech zahrad, hod\u00ed se do u\u017eitkov\u00e9 \u010d\u00e1sti zahrady rodinn\u00e9ho domu a tak\u00e9 na chalupu, kde si m\u016f\u017eete p\u011bstovat vlastn\u00ed zeleninu, ov\u0161em m\u011bli byste na chat\u011b bydlet celoro\u010dn\u011b nebo alespo\u0148 po dobu p\u011bstov\u00e1n\u00ed rostlin, proto\u017ee to m\u016f\u017ee l\u00e1kat n\u011bkter\u00e9 nenechavce, kte\u0159\u00ed si r\u00e1di p\u0159ilep\u0161\u00ed z ciz\u00edho bez vlastn\u00edho pracovn\u00edho p\u0159i\u010din\u011bn\u00ed.                                                                                                                                                                                                                                                                                                                                                                                          3.9\/5 - (7 votes)        "},{"@context":"https:\/\/schema.org\/","@type":"BreadcrumbList","itemListElement":[{"@type":"ListItem","position":1,"name":"M\u00e1me na zahrad\u011b polykarbon\u00e1tov\u00fd sklen\u00edk","item":"https:\/\/www.evus.cz\/mame-na-zahrade-polykarbonatovy-sklenik\/#breadcrumbitem"}]}]