[{"@context":"https:\/\/schema.org\/","@type":"Article","@id":"https:\/\/www.evus.cz\/kdyz-nekdo-nema-auto\/#Article","mainEntityOfPage":"https:\/\/www.evus.cz\/kdyz-nekdo-nema-auto\/","headline":"Kdy\u017e n\u011bkdo nem\u00e1 auto","name":"Kdy\u017e n\u011bkdo nem\u00e1 auto","description":"V lidsk\u00e9m \u017eivot\u011b je nejednou zapot\u0159eb\u00ed n\u011bkam zajet. A mnoz\u00ed z n\u00e1s nejezd\u00ed n\u011bkam jenom p\u0159\u00edle\u017eitostn\u011b, ale klidn\u011b i dnes a denn\u011b. A proto\u017ee jsou mo\u017enosti, je\u017e n\u00e1m nab\u00edz\u00ed ve\u0159ejn\u00e1 hromadn\u00e1 doprava, nejednou omezen\u00e9, proto\u017ee vlaky, autobusy a podobn\u00e9 dopravn\u00ed prost\u0159edky nezaj\u00ed\u017ed\u011bj\u00ed kamkoliv a tak\u00e9 jejich j\u00edzdn\u00ed \u0159\u00e1d nemus\u00ed b\u00fdt pro leckoho z lid\u00ed optim\u00e1ln\u00ed, [&hellip;]","datePublished":"2020-09-20","dateModified":"2023-05-05","author":{"@type":"Person","@id":"https:\/\/www.evus.cz\/author\/#Person","name":"evus.cz\n","url":"https:\/\/www.evus.cz\/author\/","identifier":1,"image":{"@type":"ImageObject","@id":"https:\/\/secure.gravatar.com\/avatar\/087c2e57f451bc02fa8017914855d7c40cf6c7d5dc1637b868e007adc26322d1?s=96&d=mm&r=g","url":"https:\/\/secure.gravatar.com\/avatar\/087c2e57f451bc02fa8017914855d7c40cf6c7d5dc1637b868e007adc26322d1?s=96&d=mm&r=g","height":96,"width":96}},"publisher":{"@type":"Organization","name":"evus.cz","logo":{"@type":"ImageObject","@id":"\/logo.png","url":"\/logo.png","width":600,"height":60}},"image":{"@type":"ImageObject","@id":"https:\/\/evus.cz\/wp-content\/uploads\/auto%20Renault.png","url":"https:\/\/evus.cz\/wp-content\/uploads\/auto%20Renault.png","height":"","width":""},"url":"https:\/\/www.evus.cz\/kdyz-nekdo-nema-auto\/","about":["Neza\u0159azen\u00e9"],"wordCount":445,"articleBody":"   V lidsk\u00e9m \u017eivot\u011b je nejednou zapot\u0159eb\u00ed n\u011bkam zajet. A mnoz\u00ed z n\u00e1s nejezd\u00ed n\u011bkam jenom p\u0159\u00edle\u017eitostn\u011b, ale klidn\u011b i dnes a denn\u011b. A proto\u017ee jsou mo\u017enosti, je\u017e n\u00e1m nab\u00edz\u00ed ve\u0159ejn\u00e1 hromadn\u00e1 doprava, nejednou omezen\u00e9, proto\u017ee vlaky, autobusy a podobn\u00e9 dopravn\u00ed prost\u0159edky nezaj\u00ed\u017ed\u011bj\u00ed kamkoliv a tak\u00e9 jejich j\u00edzdn\u00ed \u0159\u00e1d nemus\u00ed b\u00fdt pro leckoho z lid\u00ed optim\u00e1ln\u00ed, je docela b\u011b\u017en\u00e9, \u017ee my lid\u00e9 jezd\u00edme tam, kam pot\u0159ebujeme, vlastn\u00edmi vozy.Mnoz\u00ed z na\u0161inc\u016f u\u017e si po\u0159\u00eddili svoje vlastn\u00ed auto, a kdy\u017e tedy pot\u0159ebuj\u00ed n\u011bkam zajet, jsou v klidu, maj\u00ed to snadn\u00e9. Ale po\u0159\u00e1d je\u0161t\u011b je mezi n\u00e1mi i spousta t\u011bch, kte\u0159\u00ed svoje vlastn\u00ed auto nemaj\u00ed, a i motorist\u016fm vlastn\u00edc\u00edm auta se n\u011bkdy m\u016f\u017ee st\u00e1t, \u017ee sv\u00e9ho plechov\u00e9ho mil\u00e1\u010dka pr\u00e1v\u011b nemaj\u00ed k dispozici. A co si \u010dlov\u011bk po\u010dne v takov\u00e9m p\u0159\u00edpad\u011b? Co nad\u011bl\u00e1me, kdy\u017e bychom pot\u0159ebovali n\u011bkam zajet, ale nem\u00e1me \u010d\u00edm?V takov\u00fdch situac\u00edch se m\u016f\u017ee hodit i mo\u017enost si osobn\u00ed auto nebo minibus n\u011bkde jenom p\u016fj\u010dit. Z\u00e1jemce si tak po\u0159\u00edd\u00ed v\u016fz na dobu, po kterou ho pot\u0159ebuje, odjezd\u00ed si v n\u011bm to, co je t\u0159eba, a pak ho u\u017e jenom vr\u00e1t\u00ed. Co\u017e je vlastn\u011b docela ide\u00e1ln\u00ed \u0159e\u0161en\u00ed, proto\u017ee se tu takov\u00fd z\u00e1kazn\u00edk nemus\u00ed vlastn\u011b o nic starat. Jenom zaplat\u00ed za p\u016fj\u010den\u00ed a o to ostatn\u00ed a\u0165 se postar\u00e1 p\u016fj\u010dovna.A k t\u011bm, kdo se takto staraj\u00ed, pat\u0159\u00ed t\u0159eba autop\u016fj\u010dovna Praha 9 Autop\u016fj\u010dovna Milan. Tato p\u016fj\u010dovna existuje v na\u0161\u00ed metropoli u\u017e p\u0159es dv\u011b desetilet\u00ed, co\u017e je u\u017e i samo o sob\u011b sign\u00e1lem, \u017ee jde o firmu, na kterou je spolehnut\u00ed, kter\u00e1 nevznikla jenom proto, aby jej\u00ed majitel rychle shr\u00e1bnul zisk a poslal ji do konkurzu.Tato p\u016fj\u010dovna nab\u00edz\u00ed poskytnut\u00ed voz\u016f zna\u010dek \u0160koda a Ford v\u0161em, kte\u0159\u00ed o to projev\u00ed z\u00e1jem, a takov\u00e9 p\u016fj\u010den\u00ed si vozu zde je jistotou, \u017ee si z\u00e1kazn\u00edk po\u0159\u00edd\u00ed za v\u00fdhodnou cenu jednozna\u010dnou kvalitu. Zde p\u016fj\u010dovan\u00e9 vozy jsou kvalitn\u00ed, z\u00e1konn\u011b i havarijn\u011b poji\u0161t\u011bn\u00e9 pro \u010ceskou republiku i Evropu, lze s nimi najezdit libovoln\u00fd po\u010det kilometr\u016f a pak takov\u00fd v\u016fz vr\u00e1tit kdekoliv v Praze, t\u0159eba i na leti\u0161ti V\u00e1clava Havla.A nikdo tak nemus\u00ed b\u00fdt bez auta.                                                                                                                                                                                                                                                                                                                                                                                          4\/5 - (13 votes)        "},{"@context":"https:\/\/schema.org\/","@type":"BreadcrumbList","itemListElement":[{"@type":"ListItem","position":1,"name":"Kdy\u017e n\u011bkdo nem\u00e1 auto","item":"https:\/\/www.evus.cz\/kdyz-nekdo-nema-auto\/#breadcrumbitem"}]}]