[{"@context":"https:\/\/schema.org\/","@type":"Article","@id":"https:\/\/www.evus.cz\/kdo-podnika-neji\/#Article","mainEntityOfPage":"https:\/\/www.evus.cz\/kdo-podnika-neji\/","headline":"Kdo podnik\u00e1, nej\u00ed","name":"Kdo podnik\u00e1, nej\u00ed","description":"R\u010den\u00ed o tom, \u017ee kdo nepracuje, ten nem\u00e1 ani j\u00edst, bylo popul\u00e1rn\u00ed zejm\u00e9na v dob\u00e1ch socialismu. A bylo t\u00edm pochopiteln\u011b m\u00edn\u011bno to, \u017ee se m\u011bli m\u00edt pracuj\u00edc\u00ed dob\u0159e, zat\u00edmco zavr\u017een\u00edhodn\u00e1 bur\u017eoazie, kter\u00e1 si jenom p\u0159ivlast\u0148ovala plody lidsk\u00e9 pr\u00e1ce ostatn\u00edch a sama tak byla \u00fadajnou p\u0159\u00edt\u011b\u017e\u00ed, nem\u011bla m\u00edt nic a m\u011bla zmizet v propadli\u0161ti d\u011bjin. Na [&hellip;]","datePublished":"2025-04-09","dateModified":"2025-04-09","author":{"@type":"Person","@id":"https:\/\/www.evus.cz\/author\/#Person","name":"evus.cz\n","url":"https:\/\/www.evus.cz\/author\/","identifier":1,"image":{"@type":"ImageObject","@id":"https:\/\/secure.gravatar.com\/avatar\/087c2e57f451bc02fa8017914855d7c40cf6c7d5dc1637b868e007adc26322d1?s=96&d=mm&r=g","url":"https:\/\/secure.gravatar.com\/avatar\/087c2e57f451bc02fa8017914855d7c40cf6c7d5dc1637b868e007adc26322d1?s=96&d=mm&r=g","height":96,"width":96}},"publisher":{"@type":"Organization","name":"evus.cz","logo":{"@type":"ImageObject","@id":"\/logo.png","url":"\/logo.png","width":600,"height":60}},"image":{"@type":"ImageObject","@id":"https:\/\/www.evus.cz\/wp-content\/uploads\/pppppppppppppppppppppppppppppppppppppppppppppppppppppppppppppppppp_3.jpg","url":"https:\/\/www.evus.cz\/wp-content\/uploads\/pppppppppppppppppppppppppppppppppppppppppppppppppppppppppppppppppp_3.jpg","height":0,"width":0},"url":"https:\/\/www.evus.cz\/kdo-podnika-neji\/","about":["Finance"],"wordCount":423,"articleBody":"        R\u010den\u00ed o tom, \u017ee kdo nepracuje, ten nem\u00e1 ani j\u00edst, bylo popul\u00e1rn\u00ed zejm\u00e9na v dob\u00e1ch socialismu. A bylo t\u00edm pochopiteln\u011b m\u00edn\u011bno to, \u017ee se m\u011bli m\u00edt pracuj\u00edc\u00ed dob\u0159e, zat\u00edmco zavr\u017een\u00edhodn\u00e1 bur\u017eoazie, kter\u00e1 si jenom p\u0159ivlast\u0148ovala plody lidsk\u00e9 pr\u00e1ce ostatn\u00edch a sama tak byla \u00fadajnou p\u0159\u00edt\u011b\u017e\u00ed, nem\u011bla m\u00edt nic a m\u011bla zmizet v propadli\u0161ti d\u011bjin. Na rozd\u00edl od socialistick\u00e9ho re\u017eimu ale toto r\u010den\u00ed p\u0159e\u017eilo a\u017e do dne\u0161n\u00edch dn\u016f. I kdy\u017e stejn\u011b jako tehdy moc neplat\u00ed. Proto\u017ee tu v\u017edycky bylo dost  lid\u00ed , kte\u0159\u00ed nic ned\u011blali a maxim\u00e1ln\u011b p\u0159edst\u00edrali pr\u00e1ci, nebo se nenam\u00e1hali ani s t\u00edmto, a p\u0159esto m\u011bli a maj\u00ed co d\u00e1t do \u00fast. A krom\u011b toho tu m\u00e1me vlastn\u011b i probl\u00e9m opa\u010dn\u00fd. M\u00e1me i podnikatele, kte\u0159\u00ed pracuj\u00ed, a p\u0159esto \u201anejed\u00ed\u2018.Jak je to mo\u017en\u00e9, \u017ee se n\u011bkdo postavil na vlastn\u00ed nohy, pracuje t\u0159eba i nejl\u00e9pe, jak jenom pracovat m\u016f\u017ee, a p\u0159esto se mu neda\u0159\u00ed si na sebe vyd\u011blat? D\u016fvod je vlastn\u011b ban\u00e1ln\u00ed. Nez\u00e1le\u017e\u00ed jenom na kvalit\u00e1ch podnikatel\u016f, ale i na jejich dodavatel\u00edch, z\u00e1kazn\u00edc\u00edch, obchodn\u00edch partnerech, na odvodech st\u00e1tu a m\u011bn\u00edc\u00edch se z\u00e1konech a p\u0159edpisech, negativn\u00ed vliv mohou m\u00edt i nejr\u016fzn\u011bj\u0161\u00ed poruchy, hav\u00e1rie nebo \u0159\u00e1d\u011bn\u00ed p\u0159\u00edrodn\u00edch \u017eivl\u016f\u2026 Rizik je tu prost\u011b hodn\u011b. A ka\u017ed\u00e9 m\u016f\u017ee znamenat v\u00fdpadky v p\u0159\u00edjmech podnikatel\u016f. A kdy\u017e tito nevyd\u011bl\u00e1vaj\u00ed tolik, kolik si napl\u00e1novali a kolik by pot\u0159ebovali, nast\u00e1vaj\u00ed doby nedostatku. Kdy je jedinou nad\u011bj\u00ed takov\u00fdch podnikatel\u016f t\u0159eba i p\u016fj\u010dka. A kter\u00e1 p\u016fj\u010dka? P\u0159ece ta, kterou dostanou, a to dost v\u00fdhodn\u011b. Tedy velice \u010dasto nebankovn\u00ed hypot\u00e9ka, kter\u00e1 je ide\u00e1ln\u00edm \u0159e\u0161en\u00edm pot\u00ed\u017e\u00ed mnoha podnikatel\u016f. T\u011bch, jim\u017e by nikdo jin\u00fd nep\u016fj\u010dil. Ale nebankovn\u00ed spole\u010dnost v\u00fdm\u011bnou za z\u00e1stavu nemovitosti p\u016fj\u010d\u00ed. N\u011bkdy tedy p\u0159e\u017eij\u00ed podnikatel\u00e9 t\u011b\u017ek\u00e9 \u010dasy jenom d\u00edky pr\u00e1v\u011b t\u00e9to p\u016fj\u010dce. A proto je dob\u0159e, \u017ee existuje i pr\u00e1v\u011b hypot\u00e9ka bez registru https:\/\/www.americka-nebankovni-hypoteka.cz\/hypoteka_bez_registru\/. Kdo v\u00ed, co by si jinak mnoz\u00ed podnikatel\u00e9 po\u010dali.                                                                                                                                                                                                                                                                                                                                                                                          4.6\/5 - (5 votes)        "},{"@context":"https:\/\/schema.org\/","@type":"BreadcrumbList","itemListElement":[{"@type":"ListItem","position":1,"name":"Kdo podnik\u00e1, nej\u00ed","item":"https:\/\/www.evus.cz\/kdo-podnika-neji\/#breadcrumbitem"}]}]