[{"@context":"https:\/\/schema.org\/","@type":"Article","@id":"https:\/\/www.evus.cz\/jak-se-dovolenkuje\/#Article","mainEntityOfPage":"https:\/\/www.evus.cz\/jak-se-dovolenkuje\/","headline":"Jak se dovolenkuje","name":"Jak se dovolenkuje","description":"\u010clov\u011bk nen\u00ed stroj, a proto tu nen\u00ed od toho, aby cel\u00fd \u017eivot jenom pracoval. M\u016f\u017ee se tak sice i d\u00edt, ale to pak nen\u00ed plnohodnotn\u00fd \u017eivot a doty\u010dn\u00e9mu to rozhodn\u011b neprosp\u00edv\u00e1. Zat\u00edmco o dovolen\u00e9 na\u010derp\u00e1 ka\u017ed\u00fd \u010dlov\u011bk nov\u00fdch sil, a pak se mu zase l\u00e9pe pracuje. I kdy\u017e je pravdou, \u017ee se my lid\u00e9 obvykle [&hellip;]","datePublished":"2022-04-23","dateModified":"2022-04-23","author":{"@type":"Person","@id":"https:\/\/www.evus.cz\/author\/#Person","name":"evus.cz\n","url":"https:\/\/www.evus.cz\/author\/","identifier":1,"image":{"@type":"ImageObject","@id":"https:\/\/secure.gravatar.com\/avatar\/087c2e57f451bc02fa8017914855d7c40cf6c7d5dc1637b868e007adc26322d1?s=96&d=mm&r=g","url":"https:\/\/secure.gravatar.com\/avatar\/087c2e57f451bc02fa8017914855d7c40cf6c7d5dc1637b868e007adc26322d1?s=96&d=mm&r=g","height":96,"width":96}},"publisher":{"@type":"Organization","name":"evus.cz","logo":{"@type":"ImageObject","@id":"\/logo.png","url":"\/logo.png","width":600,"height":60}},"image":{"@type":"ImageObject","@id":"https:\/\/www.evus.cz\/wp-content\/uploads\/forinty%20ma%C4%8Farsk%C3%A9.jpg","url":"https:\/\/www.evus.cz\/wp-content\/uploads\/forinty%20ma%C4%8Farsk%C3%A9.jpg","height":0,"width":0},"url":"https:\/\/www.evus.cz\/jak-se-dovolenkuje\/","about":["Dovolen\u00e1"],"wordCount":438,"articleBody":"\u010clov\u011bk nen\u00ed stroj, a proto tu nen\u00ed od toho, aby cel\u00fd \u017eivot jenom pracoval. M\u016f\u017ee se tak sice i d\u00edt, ale to pak nen\u00ed plnohodnotn\u00fd \u017eivot a doty\u010dn\u00e9mu to rozhodn\u011b neprosp\u00edv\u00e1. Zat\u00edmco o dovolen\u00e9 na\u010derp\u00e1 ka\u017ed\u00fd \u010dlov\u011bk nov\u00fdch sil, a pak se mu zase l\u00e9pe pracuje. I kdy\u017e je pravdou, \u017ee se my lid\u00e9 obvykle po dovolen\u00e9 zp\u00e1tky do pr\u00e1ce net\u011b\u0161\u00edme a nejrad\u011bji bychom si ji natahovali a natahovali, a\u017e by se z\u00a0n\u00ed staly t\u0159eba dva roky pr\u00e1zdnin. Co\u017e je snem kdekoho z\u00a0n\u00e1s, jen\u017ee kdyby se n\u00e1m to vyplnilo, asi bychom \u010dasem zjistili, \u017ee to nen\u00ed ide\u00e1ln\u00ed a \u017ee si mus\u00edme od takov\u00e9 p\u0159ehnan\u011b dlouh\u00e9 dovolen\u00e9 vz\u00edt dovolenou. V\u00a0podob\u011b pr\u00e1ce, samoz\u0159ejm\u011b.Kdy\u017e si vezmeme dovolenou, m\u011bli bychom se postarat, abychom ji tr\u00e1vili tak, jak je n\u00e1m to p\u0159\u00edjemn\u00e9, a rozhodn\u011b jinak ne\u017e pokra\u010dov\u00e1n\u00edm ve sv\u00e9m zam\u011bstn\u00e1n\u00ed. Kdo by d\u011blal o dovolen\u00e9 tot\u00e9\u017e, co v\u00a0pr\u00e1ci, neodpo\u010dine si a vlastn\u011b jako by ani \u017e\u00e1dnou dovoleno nem\u011bl, a kdo si vy\u010derp\u00e1 dovolenou dejme tomu na l\u00e9\u010den\u00ed neduh\u016f, aby si nemusel br\u00e1t nemocenskou, sice zm\u011bnu m\u00e1, ale nen\u00ed o co st\u00e1t.O dovolen\u00e9 to chce prost\u011b nasednout do auta, autobusu, vlaku nebo letadla, na lo\u010f \u010di p\u0159\u00edpadn\u011b do jin\u00e9ho dopravn\u00edho prost\u0159edku, a n\u011bkam zmizet. Nejl\u00e9pe tam, kde je p\u0159\u00edjemn\u011b a kde \u010dlov\u011bka nebude nikdo zat\u011b\u017eovat n\u011bjak\u00fdmi nep\u0159\u00edjemn\u00fdmi povinnostmi. Chce to vyrazit t\u0159eba na chatu, do p\u0159\u00edrody, ale tak\u00e9 do hotelu, penzionu a podobn\u011b, p\u0159\u00edpadn\u011b se d\u00e1 po babi\u0161ovsku vyu\u017e\u00edt i karavan, a tam se v\u011bnovat tomu, \u010demu se chceme v\u011bnovat, ale v\u00a0ka\u017edodenn\u00edm \u017eivot\u011b n\u00e1m na to obvykle nesta\u010d\u00ed \u010das. \u010c\u00edm\u017e ale pochopiteln\u011b nem\u00e1m na mysli, \u017ee by se t\u0159eba \u00fa\u0159edn\u00edk m\u011bl v\u011bnovat n\u011bjak\u00e9 fyzick\u00e9 pr\u00e1ci natolik usilovn\u011b, \u017ee bude po dovolen\u00e9 zral\u00fd na invalidn\u00ed d\u016fchod. I zde plat\u00ed, \u017ee v\u0161eho s\u00a0m\u00edrou.Dovolen\u00e1 by n\u00e1m prost\u011b m\u011bla poslou\u017eit k\u00a0tomu, aby n\u00e1m po n\u00ed bylo l\u00edp po t\u011ble i na duchu. A doufejme, \u017ee te\u010f u\u017e tomu tak zase bude. \u017de zase jako v\u00a0posledn\u00edch dvou letech nebudeme jenom sed\u011bt doma a trnout, jestli n\u00e1s ti naho\u0159e pust\u00ed aspo\u0148 do autobusu a do sousedn\u00edho okresu.                                                                                                                                                                                                                                                                                                                                                                                        5\/5 - (1 vote)        "},{"@context":"https:\/\/schema.org\/","@type":"BreadcrumbList","itemListElement":[{"@type":"ListItem","position":1,"name":"Jak se dovolenkuje","item":"https:\/\/www.evus.cz\/jak-se-dovolenkuje\/#breadcrumbitem"}]}]