[{"@context":"https:\/\/schema.org\/","@type":"Article","@id":"https:\/\/www.evus.cz\/dovolena-kreativne\/#Article","mainEntityOfPage":"https:\/\/www.evus.cz\/dovolena-kreativne\/","headline":"Dovolen\u00e1 kreativn\u011b","name":"Dovolen\u00e1 kreativn\u011b","description":"Ka\u017edoro\u010dn\u011b vyr\u00e1\u017e\u00edte autem sm\u011brem na jih. Cestu zn\u00e1te skoro po pam\u011bti. Rok po roce komentujete zm\u011bny v&nbsp;okol\u00ed sv\u00e9ho ubytovac\u00edho za\u0159\u00edzen\u00ed. Od dob p\u0159ed revoluc\u00ed se douf\u00e1m li\u0161\u00edte alespo\u0148 t\u00edm, \u017ee s&nbsp;sebou nevoz\u00edte doma zava\u0159en\u00e9 maso a dal\u0161\u00ed j\u00eddlo. Ale nen\u00ed v\u00e1m l\u00edto, \u017ee krom jednoho m\u00edsta nepozn\u00e1te \u017e\u00e1dn\u00e9 jin\u00e9? V\u017edy\u0165 Chorvatsko samo o sob\u011b nab\u00edz\u00ed [&hellip;]","datePublished":"2018-01-20","dateModified":"2023-05-05","author":{"@type":"Person","@id":"https:\/\/www.evus.cz\/author\/#Person","name":"evus.cz\n","url":"https:\/\/www.evus.cz\/author\/","identifier":1,"image":{"@type":"ImageObject","@id":"https:\/\/secure.gravatar.com\/avatar\/087c2e57f451bc02fa8017914855d7c40cf6c7d5dc1637b868e007adc26322d1?s=96&d=mm&r=g","url":"https:\/\/secure.gravatar.com\/avatar\/087c2e57f451bc02fa8017914855d7c40cf6c7d5dc1637b868e007adc26322d1?s=96&d=mm&r=g","height":96,"width":96}},"publisher":{"@type":"Organization","name":"evus.cz","logo":{"@type":"ImageObject","@id":"\/logo.png","url":"\/logo.png","width":600,"height":60}},"image":{"@type":"ImageObject","@id":"https:\/\/evus.cz\/wp-content\/uploads\/img_a334379_w2339_t1548001787.jpg","url":"https:\/\/evus.cz\/wp-content\/uploads\/img_a334379_w2339_t1548001787.jpg","height":"","width":""},"url":"https:\/\/www.evus.cz\/dovolena-kreativne\/","about":["Neza\u0159azen\u00e9"],"wordCount":469,"articleBody":"Ka\u017edoro\u010dn\u011b vyr\u00e1\u017e\u00edte autem sm\u011brem na jih. Cestu zn\u00e1te skoro po pam\u011bti. Rok po roce komentujete zm\u011bny v&nbsp;okol\u00ed sv\u00e9ho ubytovac\u00edho za\u0159\u00edzen\u00ed. Od dob p\u0159ed revoluc\u00ed se douf\u00e1m li\u0161\u00edte alespo\u0148 t\u00edm, \u017ee s&nbsp;sebou nevoz\u00edte doma zava\u0159en\u00e9 maso a dal\u0161\u00ed j\u00eddlo.Ale nen\u00ed v\u00e1m l\u00edto, \u017ee krom jednoho m\u00edsta nepozn\u00e1te \u017e\u00e1dn\u00e9 jin\u00e9? V\u017edy\u0165 Chorvatsko samo o sob\u011b nab\u00edz\u00ed mnoho neskute\u010dn\u011b kr\u00e1sn\u00fdch m\u00edst. A tak\u00e9 jeho sousedn\u00ed zem\u011b. Rakousko, Slovinsko. Tyto destinace ocen\u00ed p\u0159edev\u0161\u00edm milovn\u00edci hor. Rakousko jako zem\u011b kde se nach\u00e1z\u00ed velk\u00fd kus nejvy\u0161\u0161\u00edho poho\u0159\u00ed v&nbsp;Evrop\u011b. Ano Alpy. V&nbsp;Rakousku naleznete ledovce i ni\u017e\u0161\u00ed, jen zalesn\u011bn\u00e9 vrcholy. I ve Slovinsk\u00fdch Julsk\u00fdch Alp\u00e1ch naleznete prakticky toto\u017en\u00e9. Nav\u00edc bl\u00edzkost mo\u0159e je d\u011bl\u00e1 je\u0161t\u011b zaj\u00edmav\u011bj\u0161\u00edm.Projedete-li Chorvatskem, dostanete se do \u010cern\u00e9 hory a Makedonie. Makedonie je v\u016fbec turisticky velice perspektivn\u00ed, dnes v\u0161ak je\u0161t\u011b st\u00e1le levnou destinac\u00ed. Tot\u00e9\u017e se d\u00e1 \u0159\u00edci o Alb\u00e1nii.Pokud prot\u00e1hnete svou cestu je\u0161t\u011b v\u00edce na jih, dojedete a\u017e do \u0158ecka. Dojedete do kol\u00e9bky na\u0161\u00ed kultury. Mnoho pam\u00e1tek, mnoho historick\u00fdch moment\u016f. A tak\u00e9 mnoho p\u0159ilehl\u00fdch a trajekty dostupn\u00fdch ostrov\u016f. Romantika sama o sob\u011b.Pokud cestujete na dovolenou, m\u00e1te v&nbsp;podstat\u011b dv\u011b mo\u017enosti. V\u0161e si za\u0159\u00edd\u00edte z&nbsp;domova. Vyu\u017eijete slu\u017eeb n\u011bkter\u00e9 cestovn\u00ed kancel\u00e1\u0159e, nebo si zarezervujete pobyt v&nbsp;ubytovac\u00edm za\u0159\u00edzen\u00ed sami. A pak m\u00e1me je\u0161t\u011b jednu mo\u017enost, kter\u00e1 je vhodn\u00e1 pro opravdov\u00e9 turistick\u00e9 fajn\u0161mekry. A taky nen\u00ed moc vhodn\u00e1 pro dovolenou realizovanou v&nbsp;pln\u00e9 sezon\u011b. Tou mo\u017enost\u00ed je toti\u017e cestov\u00e1n\u00ed naslepo.Naslepo znamen\u00e1, \u017ee si p\u0159edem vyt\u00fd\u010d\u00edte jen p\u0159ibli\u017en\u00fd sm\u011br. Je dobr\u00e9 si do sv\u00e9ho itiner\u00e1\u0159e zaznamenat c\u00edle, kter\u00e9 bychom cht\u011bli nav\u0161t\u00edvit. Ide\u00e1ln\u00ed je p\u0159i\u0159adit sv\u00fdm c\u00edl\u016fm kategorii podle d\u016fle\u017eitosti.C\u00edle s&nbsp;nejvy\u0161\u0161\u00ed d\u016fle\u017eitost\u00ed, chcete nav\u0161t\u00edvit pokud mo\u017en\u00e1 ur\u010dit\u011b. Za to z&nbsp;c\u00edl\u016f ni\u017e\u0161\u00edho v\u00fdznamu je mo\u017en\u00e9 slevit v&nbsp;p\u0159\u00edpad\u011b, \u017ee se n\u011bkde zdr\u017e\u00edme, mus\u00edme realizovat n\u011bjakou obj\u00ed\u017e\u010fku, nebo mus\u00edme t\u0159eba po\u010dkat, a\u017e se n\u00e1m jeden z&nbsp;na\u0161ich hlavn\u00edch c\u00edl\u016f zp\u0159\u00edstupn\u00ed.Takov\u00e9 cestov\u00e1n\u00ed m\u00e1 sv\u00e1 \u00faskal\u00ed, jako hled\u00e1n\u00ed ubytov\u00e1n\u00ed, v\u00fdb\u011br m\u00edstn\u00ed restaurace. V&nbsp;kone\u010dn\u00e9m d\u016fsledku to v\u0161ak dotv\u00e1\u0159\u00ed dojem skute\u010dn\u00e9ho dobrodru\u017estv\u00ed.&nbsp;                                                                                                                                                                                                                                                                                                                                                                                        4\/5 - (9 votes)        "},{"@context":"https:\/\/schema.org\/","@type":"BreadcrumbList","itemListElement":[{"@type":"ListItem","position":1,"name":"Dovolen\u00e1 kreativn\u011b","item":"https:\/\/www.evus.cz\/dovolena-kreativne\/#breadcrumbitem"}]}]